{"id":23734,"date":"2022-01-17T17:33:10","date_gmt":"2022-01-17T16:33:10","guid":{"rendered":"https:\/\/mammalnet.com\/der-winter-kommt-wie-bereiten-sich-die-saeugetiere-auf-die-winterzeit-vor\/"},"modified":"2022-01-17T17:33:11","modified_gmt":"2022-01-17T16:33:11","slug":"der-winter-kommt-wie-bereiten-sich-die-saeugetiere-auf-die-winterzeit-vor","status":"publish","type":"post","link":"https:\/\/mammalnet.com\/de\/der-winter-kommt-wie-bereiten-sich-die-saeugetiere-auf-die-winterzeit-vor\/","title":{"rendered":"Der Winter kommt! Wie bereiten sich die S\u00e4ugetiere auf die Winterzeit vor?"},"content":{"rendered":"\t\t<div data-elementor-type=\"wp-post\" data-elementor-id=\"23734\" class=\"elementor elementor-23734 elementor-12065\" data-elementor-post-type=\"post\">\n\t\t\t\t\t\t<section class=\"elementor-section elementor-top-section elementor-element elementor-element-b9ce4f3 elementor-section-boxed elementor-section-height-default elementor-section-height-default\" data-id=\"b9ce4f3\" data-element_type=\"section\">\n\t\t\t\t\t\t<div class=\"elementor-container elementor-column-gap-default\">\n\t\t\t\t\t<div class=\"elementor-column elementor-col-100 elementor-top-column elementor-element elementor-element-b29920f\" data-id=\"b29920f\" data-element_type=\"column\">\n\t\t\t<div class=\"elementor-widget-wrap elementor-element-populated\">\n\t\t\t\t\t\t<div class=\"elementor-element elementor-element-fea1d9e elementor-widget elementor-widget-text-editor\" data-id=\"fea1d9e\" data-element_type=\"widget\" data-widget_type=\"text-editor.default\">\n\t\t\t\t<div class=\"elementor-widget-container\">\n\t\t\t\t\t\t\t<p>Der Winter kommt! Das Wetter wird k\u00e4lter, die Bl\u00e4tter der B\u00e4ume verf\u00e4rben sich, die Temperaturen sinken und bald wird es schneien. Die Tage werden k\u00fcrzer, die N\u00e4chte l\u00e4nger und die Nahrungsressourcen gehen zur Neige. All diese Wetter- und Umweltver\u00e4nderungen bewirken auch Ver\u00e4nderungen im Organismus der S\u00e4ugetiere. Die physiologischen Reaktionen werden ausgel\u00f6st, so dass die Tiere auf die kommenden kalten Zeiten vorbereitet sind.<\/p>\n\t\t\t\t\t\t<\/div>\n\t\t\t\t<\/div>\n\t\t\t\t\t<\/div>\n\t\t<\/div>\n\t\t\t\t\t<\/div>\n\t\t<\/section>\n\t\t\t\t<section class=\"elementor-section elementor-top-section elementor-element elementor-element-ad7b37c elementor-section-boxed elementor-section-height-default elementor-section-height-default\" data-id=\"ad7b37c\" data-element_type=\"section\">\n\t\t\t\t\t\t<div class=\"elementor-container elementor-column-gap-default\">\n\t\t\t\t\t<div class=\"elementor-column elementor-col-100 elementor-top-column elementor-element elementor-element-9eb9419\" data-id=\"9eb9419\" data-element_type=\"column\">\n\t\t\t<div class=\"elementor-widget-wrap elementor-element-populated\">\n\t\t\t\t\t\t<div class=\"elementor-element elementor-element-7f6ece9 elementor-widget elementor-widget-heading\" data-id=\"7f6ece9\" data-element_type=\"widget\" data-widget_type=\"heading.default\">\n\t\t\t\t<div class=\"elementor-widget-container\">\n\t\t\t<h2 class=\"elementor-heading-title elementor-size-default\">Lass uns schlafen gehen!<\/h2>\t\t<\/div>\n\t\t\t\t<\/div>\n\t\t\t\t\t<\/div>\n\t\t<\/div>\n\t\t\t\t\t<\/div>\n\t\t<\/section>\n\t\t\t\t<section class=\"elementor-section elementor-top-section elementor-element elementor-element-bdd7fcb elementor-section-boxed elementor-section-height-default elementor-section-height-default\" data-id=\"bdd7fcb\" data-element_type=\"section\">\n\t\t\t\t\t\t<div class=\"elementor-container elementor-column-gap-default\">\n\t\t\t\t\t<div class=\"elementor-column elementor-col-100 elementor-top-column elementor-element elementor-element-d4c49a2\" data-id=\"d4c49a2\" data-element_type=\"column\">\n\t\t\t<div class=\"elementor-widget-wrap elementor-element-populated\">\n\t\t\t\t\t\t<div class=\"elementor-element elementor-element-cb7b814 elementor-widget elementor-widget-text-editor\" data-id=\"cb7b814\" data-element_type=\"widget\" data-widget_type=\"text-editor.default\">\n\t\t\t\t<div class=\"elementor-widget-container\">\n\t\t\t\t\t\t\t<p>Einige Tierarten schlafen w\u00e4hrend des Winters und dieser sehr tiefe Schlaf wird Winterschlaf oder Winterruhe genannt. Dabei handelt es sich um einen physiologischen Zustand minimaler Aktivit\u00e4t &#8211; die K\u00f6rpertemperatur des Tieres sinkt ab und die Herz- und Atemfrequenz verlangsamt sich. So kann das Tier Energie sparen, um den Winter zu \u00fcberleben. S\u00e4ugetiere (einschlie\u00dflich des Menschen) sind endotherm, was bedeutet, dass sie selbst W\u00e4rme erzeugen, um gegen Au\u00dfentemperaturen anzuk\u00e4mpfen, die k\u00e4lter sind als ihre K\u00f6rpertemperatur. Die Aufrechterhaltung einer stabilen K\u00f6rpertemperatur wird durch sehr energieintensive Stoffwechselprozesse gew\u00e4hrleistet, darunter chemische Reaktionen, bei denen ATP (eine energiereiche Verbindung) erzeugt wird, Muskelkontraktionen und die Reibung des Blutes, das durch das Kreislaufsystem flie\u00dft. Daher m\u00fcssen die Tiere vor einem langen &#8222;Nickerchen&#8220; \u00fcberm\u00e4\u00dfig viel essen und K\u00f6rperfett speichern. S\u00e4ugetiere m\u00fcssen richtig fett werden, und diese Fettreserven liefern ihnen den ganzen Winter \u00fcber Energie, wenn keine Nahrung zur Verf\u00fcgung steht.<\/p>\n<p>Zu den S\u00e4ugetierarten, die Winterschlaf bzw. Winterruhe halten, geh\u00f6ren zum Beispiel B\u00e4ren, Stinktiere, Streifenh\u00f6rnchen, Murmeltiere, Igel, Hamster, Erdh\u00f6rnchen und einige Flederm\u00e4use. Es gibt Arten wie z. B. Schwarzb\u00e4ren, bei denen die Weibchen w\u00e4hrend der Schwangerschaft Winterschlaf halten und die Jungen entweder w\u00e4hrend des Schlafs der Mutter oder kurz nach dem Aufwachen geboren werden. Vor dem Winterschlaf muss die k\u00fcnftige Mutter ihr K\u00f6rpergewicht deutlich erh\u00f6hen, da der Zustand ihres Nachwuchses von diesen Ressourcen abh\u00e4ngt. Bei B\u00e4ren wird nur ein bescheidener R\u00fcckgang der K\u00f6rpertemperatur von 3 bis 5 \u00b0C beobachtet, w\u00e4hrend bei anderen Winterschl\u00e4fern ein viel st\u00e4rkerer R\u00fcckgang von oft 32 \u00b0C oder mehr zu beobachten ist. Dar\u00fcber hinaus h\u00f6ren B\u00e4ren im Winterschlaf monatelang auf zu urinieren, um Proteine und Urin zu recyceln und Muskelschwund zu vermeiden. Dies ist durch eine ausreichende Hydratation mit dem Stoffwechsel-Fett m\u00f6glich.<\/p>\n\t\t\t\t\t\t<\/div>\n\t\t\t\t<\/div>\n\t\t\t\t\t<\/div>\n\t\t<\/div>\n\t\t\t\t\t<\/div>\n\t\t<\/section>\n\t\t\t\t<section class=\"elementor-section elementor-top-section elementor-element elementor-element-eff9dfe elementor-section-boxed elementor-section-height-default elementor-section-height-default\" data-id=\"eff9dfe\" data-element_type=\"section\">\n\t\t\t\t\t\t<div class=\"elementor-container elementor-column-gap-default\">\n\t\t\t\t\t<div class=\"elementor-column elementor-col-100 elementor-top-column elementor-element elementor-element-61ed188\" data-id=\"61ed188\" data-element_type=\"column\">\n\t\t\t<div class=\"elementor-widget-wrap elementor-element-populated\">\n\t\t\t\t\t\t<div class=\"elementor-element elementor-element-af51224 elementor-widget elementor-widget-image\" data-id=\"af51224\" data-element_type=\"widget\" data-widget_type=\"image.default\">\n\t\t\t\t<div class=\"elementor-widget-container\">\n\t\t\t\t\t\t\t\t\t\t\t\t\t<img fetchpriority=\"high\" decoding=\"async\" width=\"768\" height=\"1024\" src=\"https:\/\/mammalnet.com\/wp-content\/uploads\/2021\/10\/wing-formation-wildlife-cave-insect-fauna-1340407-pxhere.com_-768x1024.jpg\" class=\"attachment-large size-large wp-image-12085\" alt=\"\" srcset=\"https:\/\/mammalnet.com\/wp-content\/uploads\/2021\/10\/wing-formation-wildlife-cave-insect-fauna-1340407-pxhere.com_-768x1023.jpg 768w, https:\/\/mammalnet.com\/wp-content\/uploads\/2021\/10\/wing-formation-wildlife-cave-insect-fauna-1340407-pxhere.com_-225x300.jpg 225w, https:\/\/mammalnet.com\/wp-content\/uploads\/2021\/10\/wing-formation-wildlife-cave-insect-fauna-1340407-pxhere.com_-488x650.jpg 488w, https:\/\/mammalnet.com\/wp-content\/uploads\/2021\/10\/wing-formation-wildlife-cave-insect-fauna-1340407-pxhere.com_.jpg 788w\" sizes=\"(max-width: 768px) 100vw, 768px\" \/>\t\t\t\t\t\t\t\t\t\t\t\t\t<\/div>\n\t\t\t\t<\/div>\n\t\t\t\t\t<\/div>\n\t\t<\/div>\n\t\t\t\t\t<\/div>\n\t\t<\/section>\n\t\t\t\t<section class=\"elementor-section elementor-top-section elementor-element elementor-element-6af10b4 elementor-section-boxed elementor-section-height-default elementor-section-height-default\" data-id=\"6af10b4\" data-element_type=\"section\">\n\t\t\t\t\t\t<div class=\"elementor-container elementor-column-gap-default\">\n\t\t\t\t\t<div class=\"elementor-column elementor-col-100 elementor-top-column elementor-element elementor-element-a66c870\" data-id=\"a66c870\" data-element_type=\"column\">\n\t\t\t<div class=\"elementor-widget-wrap elementor-element-populated\">\n\t\t\t\t\t\t<div class=\"elementor-element elementor-element-ad1a70c elementor-widget elementor-widget-text-editor\" data-id=\"ad1a70c\" data-element_type=\"widget\" data-widget_type=\"text-editor.default\">\n\t\t\t\t<div class=\"elementor-widget-container\">\n\t\t\t\t\t\t\t<p>W\u00e4hrend des Winterschlafs ist die Stoffwechselrate des S\u00e4ugetierorganismus mindestens 20-mal niedriger als im Normalzustand, und die K\u00f6rpertemperatur liegt in der Regel 1 \u00b0C \u00fcber der Umgebungstemperatur. Bei europ\u00e4ischen Flederm\u00e4usen kann die K\u00f6rpertemperatur auf etwa 4-5 \u00b0C sinken, w\u00e4hrend sie bei gr\u00f6\u00dferen S\u00e4ugetieren (z. B. B\u00e4ren) nicht so drastisch abf\u00e4llt. Au\u00dferdem funktioniert das Immunsystem der Tiere w\u00e4hrend des &#8222;Winterschlafs&#8220; so gut wie gar nicht, und Krankheitserreger werden erst bek\u00e4mpft, wenn sich der Stoffwechsel wieder normalisiert. Von Zeit zu Zeit, z. B. alle paar Tage oder einen Monat (bei Flederm\u00e4usen sogar alle 80 Tage), muss das Tier aufwachen, um zu urinieren und zu trinken und um zu sehen, was in der Umgebung passiert. Leider ist es sehr einfach, den richtigen Winterschlaf zu st\u00f6ren! S\u00e4ugetiere erwachen auf \u00e4u\u00dfere Reize hin aus ihrem Schlaf, zum Beispiel wenn sie ber\u00fchrt werden oder wenn es ihnen zu kalt oder zu warm wird und sie einen anderen Unterschlupf suchen m\u00fcssen. Das Aufwachen ist ein sehr gef\u00e4hrlicher und energieaufw\u00e4ndiger Vorgang, denn das Tier verbraucht dann 75% seiner f\u00fcr den gesamten Winterschlaf vorgesehenen Energie.  <\/p>\n<p>Tiere, die obligate Winterschl\u00e4fer sind, treten in den Winterschlaf als Reaktion auf physiologische Ver\u00e4nderungen ein, die durch jahreszeitliche Signale wie niedrigere Temperaturen und k\u00fcrzere Lichtperioden ausgel\u00f6st werden, w\u00e4hrend fakultative Winterschl\u00e4fer nur dann in den Winterschlaf gehen, wenn Umweltstressfaktoren wie Nahrungsmangel oder eine erhebliche Verschlechterung der Wetterbedingungen auftreten. Der fakultative Winterschlaf wurde zum Beispiel bei den Schwarzschwanz-Pr\u00e4riehunden beobachtet. <\/p>\n\t\t\t\t\t\t<\/div>\n\t\t\t\t<\/div>\n\t\t\t\t\t<\/div>\n\t\t<\/div>\n\t\t\t\t\t<\/div>\n\t\t<\/section>\n\t\t\t\t<section class=\"elementor-section elementor-top-section elementor-element elementor-element-a12d915 elementor-section-boxed elementor-section-height-default elementor-section-height-default\" data-id=\"a12d915\" data-element_type=\"section\">\n\t\t\t\t\t\t<div class=\"elementor-container elementor-column-gap-default\">\n\t\t\t\t\t<div class=\"elementor-column elementor-col-100 elementor-top-column elementor-element elementor-element-b959856\" data-id=\"b959856\" data-element_type=\"column\">\n\t\t\t<div class=\"elementor-widget-wrap elementor-element-populated\">\n\t\t\t\t\t\t<div class=\"elementor-element elementor-element-fd0663c elementor-widget elementor-widget-heading\" data-id=\"fd0663c\" data-element_type=\"widget\" data-widget_type=\"heading.default\">\n\t\t\t\t<div class=\"elementor-widget-container\">\n\t\t\t<h2 class=\"elementor-heading-title elementor-size-default\">Lass uns aktive bleiben!<\/h2>\t\t<\/div>\n\t\t\t\t<\/div>\n\t\t\t\t\t<\/div>\n\t\t<\/div>\n\t\t\t\t\t<\/div>\n\t\t<\/section>\n\t\t\t\t<section class=\"elementor-section elementor-top-section elementor-element elementor-element-a4c6bdc elementor-section-boxed elementor-section-height-default elementor-section-height-default\" data-id=\"a4c6bdc\" data-element_type=\"section\">\n\t\t\t\t\t\t<div class=\"elementor-container elementor-column-gap-default\">\n\t\t\t\t\t<div class=\"elementor-column elementor-col-100 elementor-top-column elementor-element elementor-element-fffb174\" data-id=\"fffb174\" data-element_type=\"column\">\n\t\t\t<div class=\"elementor-widget-wrap elementor-element-populated\">\n\t\t\t\t\t\t<div class=\"elementor-element elementor-element-496bb22 elementor-widget elementor-widget-text-editor\" data-id=\"496bb22\" data-element_type=\"widget\" data-widget_type=\"text-editor.default\">\n\t\t\t\t<div class=\"elementor-widget-container\">\n\t\t\t\t\t\t\t<p>Es gibt jedoch Tiere, die auch im Winter aktiv bleiben, wenn es sehr schwierig ist, etwas zu fressen zu finden. Sie m\u00fcssen sich an die K\u00e4lte und das wechselnde Wetter anpassen, was Ver\u00e4nderungen in ihrem Verhalten und ihrer Physiologie mit sich bringt. Kleine S\u00e4ugetiere verstecken sich in L\u00f6chern in B\u00e4umen oder unter der Erde, um sich warm zu halten, manche M\u00e4use bauen sogar Tunnel durch den Schnee. Rehe, Eichh\u00f6rnchen und Kaninchen bleiben aktiv und verbringen den ganzen Winter auf der Suche nach Zweigen, Rinde, Moos oder Bl\u00e4ttern, die sie fressen k\u00f6nnen. Eichh\u00f6rnchen und M\u00e4use sammeln im Herbst zus\u00e4tzliche Nahrung (z. B. N\u00fcsse oder Eicheln) und lagern sie ein, um sie sp\u00e4ter zu essen. Viele Arten stellen ihre Ern\u00e4hrung im Winter um. Um sich warm zu halten, w\u00e4chst den Tieren im Herbst ein neues, dickeres Fell. Einige von ihnen, wie Wiesel und Schneeschuhhasen, haben dieses neue wei\u00dfe Winterfell, das es ihnen erm\u00f6glicht, im Schnee unsichtbar zu sein. Eichh\u00f6rnchen und M\u00e4use k\u00f6nnen sich eng aneinander kuscheln. In der dunklen Jahreszeit ist es immer sicherer, w\u00e4rmer und macht mehr Spa\u00df, wenn man Teil eines Teams ist!<\/p>\n\t\t\t\t\t\t<\/div>\n\t\t\t\t<\/div>\n\t\t\t\t\t<\/div>\n\t\t<\/div>\n\t\t\t\t\t<\/div>\n\t\t<\/section>\n\t\t\t\t<section class=\"elementor-section elementor-top-section elementor-element elementor-element-9171144 elementor-section-boxed elementor-section-height-default elementor-section-height-default\" data-id=\"9171144\" data-element_type=\"section\">\n\t\t\t\t\t\t<div class=\"elementor-container elementor-column-gap-default\">\n\t\t\t\t\t<div class=\"elementor-column elementor-col-100 elementor-top-column elementor-element elementor-element-4de2272\" data-id=\"4de2272\" data-element_type=\"column\">\n\t\t\t<div class=\"elementor-widget-wrap elementor-element-populated\">\n\t\t\t\t\t\t<div class=\"elementor-element elementor-element-6790117 elementor-widget elementor-widget-image\" data-id=\"6790117\" data-element_type=\"widget\" data-widget_type=\"image.default\">\n\t\t\t\t<div class=\"elementor-widget-container\">\n\t\t\t\t\t\t\t\t\t\t\t\t\t<img decoding=\"async\" width=\"1024\" height=\"768\" src=\"https:\/\/mammalnet.com\/wp-content\/uploads\/2021\/10\/landscape-nature-forest-mountain-snow-cold-995395-pxhere.com_-1024x768.jpg\" class=\"attachment-large size-large wp-image-12094\" alt=\"\" srcset=\"https:\/\/mammalnet.com\/wp-content\/uploads\/2021\/10\/landscape-nature-forest-mountain-snow-cold-995395-pxhere.com_-1024x768.jpg 1024w, https:\/\/mammalnet.com\/wp-content\/uploads\/2021\/10\/landscape-nature-forest-mountain-snow-cold-995395-pxhere.com_-300x225.jpg 300w, https:\/\/mammalnet.com\/wp-content\/uploads\/2021\/10\/landscape-nature-forest-mountain-snow-cold-995395-pxhere.com_-768x576.jpg 768w, https:\/\/mammalnet.com\/wp-content\/uploads\/2021\/10\/landscape-nature-forest-mountain-snow-cold-995395-pxhere.com_-650x488.jpg 650w, https:\/\/mammalnet.com\/wp-content\/uploads\/2021\/10\/landscape-nature-forest-mountain-snow-cold-995395-pxhere.com_-1300x975.jpg 1300w, https:\/\/mammalnet.com\/wp-content\/uploads\/2021\/10\/landscape-nature-forest-mountain-snow-cold-995395-pxhere.com_.jpg 1440w\" sizes=\"(max-width: 1024px) 100vw, 1024px\" \/>\t\t\t\t\t\t\t\t\t\t\t\t\t<\/div>\n\t\t\t\t<\/div>\n\t\t\t\t\t<\/div>\n\t\t<\/div>\n\t\t\t\t\t<\/div>\n\t\t<\/section>\n\t\t\t\t<\/div>\n\t\t","protected":false},"excerpt":{"rendered":"<p>Der Winter kommt! Das Wetter wird k\u00e4lter, die Bl\u00e4tter der B\u00e4ume verf\u00e4rben sich, die Temperaturen sinken und bald wird es schneien. Die Tage werden k\u00fcrzer, die N\u00e4chte l\u00e4nger und die Nahrungsressourcen gehen zur Neige. All diese Wetter- und Umweltver\u00e4nderungen bewirken auch Ver\u00e4nderungen im Organismus der S\u00e4ugetiere. Die physiologischen Reaktionen werden ausgel\u00f6st, so dass die Tiere &#8230; <a title=\"Der Winter kommt! Wie bereiten sich die S\u00e4ugetiere auf die Winterzeit vor?\" class=\"read-more\" href=\"https:\/\/mammalnet.com\/de\/der-winter-kommt-wie-bereiten-sich-die-saeugetiere-auf-die-winterzeit-vor\/\" aria-label=\"Mehr dazu unter Der Winter kommt! Wie bereiten sich die S\u00e4ugetiere auf die Winterzeit vor?\">Weiterlesen<\/a><\/p>\n","protected":false},"author":8,"featured_media":12078,"comment_status":"closed","ping_status":"closed","sticky":false,"template":"","format":"standard","meta":{"_acf_changed":false,"footnotes":""},"categories":[45],"tags":[],"acf":[],"yoast_head":"<!-- This site is optimized with the Yoast SEO plugin v22.1 - https:\/\/yoast.com\/wordpress\/plugins\/seo\/ -->\n<title>Der Winter kommt! Wie bereiten sich die S\u00e4ugetiere auf die Winterzeit vor? - Mammalnet<\/title>\n<meta name=\"robots\" content=\"index, follow, max-snippet:-1, max-image-preview:large, max-video-preview:-1\" \/>\n<link rel=\"canonical\" href=\"https:\/\/mammalnet.com\/de\/der-winter-kommt-wie-bereiten-sich-die-saeugetiere-auf-die-winterzeit-vor\/\" \/>\n<meta property=\"og:locale\" content=\"de_DE\" \/>\n<meta property=\"og:type\" content=\"article\" \/>\n<meta property=\"og:title\" content=\"Der Winter kommt! Wie bereiten sich die S\u00e4ugetiere auf die Winterzeit vor? - Mammalnet\" \/>\n<meta property=\"og:description\" content=\"Der Winter kommt! Das Wetter wird k\u00e4lter, die Bl\u00e4tter der B\u00e4ume verf\u00e4rben sich, die Temperaturen sinken und bald wird es schneien. Die Tage werden k\u00fcrzer, die N\u00e4chte l\u00e4nger und die Nahrungsressourcen gehen zur Neige. All diese Wetter- und Umweltver\u00e4nderungen bewirken auch Ver\u00e4nderungen im Organismus der S\u00e4ugetiere. Die physiologischen Reaktionen werden ausgel\u00f6st, so dass die Tiere ... Weiterlesen\" \/>\n<meta property=\"og:url\" content=\"https:\/\/mammalnet.com\/de\/der-winter-kommt-wie-bereiten-sich-die-saeugetiere-auf-die-winterzeit-vor\/\" \/>\n<meta property=\"og:site_name\" content=\"Mammalnet\" \/>\n<meta property=\"article:publisher\" content=\"https:\/\/www.facebook.com\/MammalNet-106550637394937\/\" \/>\n<meta property=\"article:published_time\" content=\"2022-01-17T16:33:10+00:00\" \/>\n<meta property=\"article:modified_time\" content=\"2022-01-17T16:33:11+00:00\" \/>\n<meta property=\"og:image\" content=\"https:\/\/mammalnet.com\/wp-content\/uploads\/2021\/04\/nature-leaf-fall-animal-cute-wildlife-849670-pxhere.com_.jpg\" \/>\n\t<meta property=\"og:image:width\" content=\"1638\" \/>\n\t<meta property=\"og:image:height\" content=\"1080\" \/>\n\t<meta property=\"og:image:type\" content=\"image\/jpeg\" \/>\n<meta name=\"author\" content=\"poland\" \/>\n<meta name=\"twitter:card\" content=\"summary_large_image\" \/>\n<meta name=\"twitter:creator\" content=\"@mammalnet_eu\" \/>\n<meta name=\"twitter:site\" content=\"@mammalnet_eu\" \/>\n<meta name=\"twitter:label1\" content=\"Verfasst von\" \/>\n\t<meta name=\"twitter:data1\" content=\"poland\" \/>\n\t<meta name=\"twitter:label2\" content=\"Gesch\u00e4tzte Lesezeit\" \/>\n\t<meta name=\"twitter:data2\" content=\"4 Minuten\" \/>\n<script type=\"application\/ld+json\" class=\"yoast-schema-graph\">{\"@context\":\"https:\/\/schema.org\",\"@graph\":[{\"@type\":\"Article\",\"@id\":\"https:\/\/mammalnet.com\/de\/der-winter-kommt-wie-bereiten-sich-die-saeugetiere-auf-die-winterzeit-vor\/#article\",\"isPartOf\":{\"@id\":\"https:\/\/mammalnet.com\/de\/der-winter-kommt-wie-bereiten-sich-die-saeugetiere-auf-die-winterzeit-vor\/\"},\"author\":{\"name\":\"poland\",\"@id\":\"https:\/\/mammalnet.com\/#\/schema\/person\/b988cd9615ce6ede2f43eab73492a96a\"},\"headline\":\"Der Winter kommt! Wie bereiten sich die S\u00e4ugetiere auf die Winterzeit vor?\",\"datePublished\":\"2022-01-17T16:33:10+00:00\",\"dateModified\":\"2022-01-17T16:33:11+00:00\",\"mainEntityOfPage\":{\"@id\":\"https:\/\/mammalnet.com\/de\/der-winter-kommt-wie-bereiten-sich-die-saeugetiere-auf-die-winterzeit-vor\/\"},\"wordCount\":876,\"publisher\":{\"@id\":\"https:\/\/mammalnet.com\/#organization\"},\"articleSection\":[\"Unkategorisiert\"],\"inLanguage\":\"de-DE\"},{\"@type\":\"WebPage\",\"@id\":\"https:\/\/mammalnet.com\/de\/der-winter-kommt-wie-bereiten-sich-die-saeugetiere-auf-die-winterzeit-vor\/\",\"url\":\"https:\/\/mammalnet.com\/de\/der-winter-kommt-wie-bereiten-sich-die-saeugetiere-auf-die-winterzeit-vor\/\",\"name\":\"Der Winter kommt! Wie bereiten sich die S\u00e4ugetiere auf die Winterzeit vor? - Mammalnet\",\"isPartOf\":{\"@id\":\"https:\/\/mammalnet.com\/#website\"},\"datePublished\":\"2022-01-17T16:33:10+00:00\",\"dateModified\":\"2022-01-17T16:33:11+00:00\",\"breadcrumb\":{\"@id\":\"https:\/\/mammalnet.com\/de\/der-winter-kommt-wie-bereiten-sich-die-saeugetiere-auf-die-winterzeit-vor\/#breadcrumb\"},\"inLanguage\":\"de-DE\",\"potentialAction\":[{\"@type\":\"ReadAction\",\"target\":[\"https:\/\/mammalnet.com\/de\/der-winter-kommt-wie-bereiten-sich-die-saeugetiere-auf-die-winterzeit-vor\/\"]}]},{\"@type\":\"BreadcrumbList\",\"@id\":\"https:\/\/mammalnet.com\/de\/der-winter-kommt-wie-bereiten-sich-die-saeugetiere-auf-die-winterzeit-vor\/#breadcrumb\",\"itemListElement\":[{\"@type\":\"ListItem\",\"position\":1,\"name\":\"Home\",\"item\":\"https:\/\/mammalnet.com\/de\/\"},{\"@type\":\"ListItem\",\"position\":2,\"name\":\"Der Winter kommt! Wie bereiten sich die S\u00e4ugetiere auf die Winterzeit vor?\"}]},{\"@type\":\"WebSite\",\"@id\":\"https:\/\/mammalnet.com\/#website\",\"url\":\"https:\/\/mammalnet.com\/\",\"name\":\"Mammalnet\",\"description\":\"Citizen Science\",\"publisher\":{\"@id\":\"https:\/\/mammalnet.com\/#organization\"},\"potentialAction\":[{\"@type\":\"SearchAction\",\"target\":{\"@type\":\"EntryPoint\",\"urlTemplate\":\"https:\/\/mammalnet.com\/?s={search_term_string}\"},\"query-input\":\"required name=search_term_string\"}],\"inLanguage\":\"de-DE\"},{\"@type\":\"Organization\",\"@id\":\"https:\/\/mammalnet.com\/#organization\",\"name\":\"Mammalnet\",\"url\":\"https:\/\/mammalnet.com\/\",\"logo\":{\"@type\":\"ImageObject\",\"inLanguage\":\"de-DE\",\"@id\":\"https:\/\/mammalnet.com\/#\/schema\/logo\/image\/\",\"url\":\"https:\/\/mammalnet.com\/wp-content\/uploads\/2019\/08\/logo.png\",\"contentUrl\":\"https:\/\/mammalnet.com\/wp-content\/uploads\/2019\/08\/logo.png\",\"width\":991,\"height\":284,\"caption\":\"Mammalnet\"},\"image\":{\"@id\":\"https:\/\/mammalnet.com\/#\/schema\/logo\/image\/\"},\"sameAs\":[\"https:\/\/www.facebook.com\/MammalNet-106550637394937\/\",\"https:\/\/twitter.com\/mammalnet_eu\"]},{\"@type\":\"Person\",\"@id\":\"https:\/\/mammalnet.com\/#\/schema\/person\/b988cd9615ce6ede2f43eab73492a96a\",\"name\":\"poland\"}]}<\/script>\n<!-- \/ Yoast SEO plugin. -->","yoast_head_json":{"title":"Der Winter kommt! Wie bereiten sich die S\u00e4ugetiere auf die Winterzeit vor? - Mammalnet","robots":{"index":"index","follow":"follow","max-snippet":"max-snippet:-1","max-image-preview":"max-image-preview:large","max-video-preview":"max-video-preview:-1"},"canonical":"https:\/\/mammalnet.com\/de\/der-winter-kommt-wie-bereiten-sich-die-saeugetiere-auf-die-winterzeit-vor\/","og_locale":"de_DE","og_type":"article","og_title":"Der Winter kommt! Wie bereiten sich die S\u00e4ugetiere auf die Winterzeit vor? - Mammalnet","og_description":"Der Winter kommt! Das Wetter wird k\u00e4lter, die Bl\u00e4tter der B\u00e4ume verf\u00e4rben sich, die Temperaturen sinken und bald wird es schneien. Die Tage werden k\u00fcrzer, die N\u00e4chte l\u00e4nger und die Nahrungsressourcen gehen zur Neige. All diese Wetter- und Umweltver\u00e4nderungen bewirken auch Ver\u00e4nderungen im Organismus der S\u00e4ugetiere. Die physiologischen Reaktionen werden ausgel\u00f6st, so dass die Tiere ... Weiterlesen","og_url":"https:\/\/mammalnet.com\/de\/der-winter-kommt-wie-bereiten-sich-die-saeugetiere-auf-die-winterzeit-vor\/","og_site_name":"Mammalnet","article_publisher":"https:\/\/www.facebook.com\/MammalNet-106550637394937\/","article_published_time":"2022-01-17T16:33:10+00:00","article_modified_time":"2022-01-17T16:33:11+00:00","og_image":[{"width":1638,"height":1080,"url":"https:\/\/mammalnet.com\/wp-content\/uploads\/2021\/04\/nature-leaf-fall-animal-cute-wildlife-849670-pxhere.com_.jpg","type":"image\/jpeg"}],"author":"poland","twitter_card":"summary_large_image","twitter_creator":"@mammalnet_eu","twitter_site":"@mammalnet_eu","twitter_misc":{"Verfasst von":"poland","Gesch\u00e4tzte Lesezeit":"4 Minuten"},"schema":{"@context":"https:\/\/schema.org","@graph":[{"@type":"Article","@id":"https:\/\/mammalnet.com\/de\/der-winter-kommt-wie-bereiten-sich-die-saeugetiere-auf-die-winterzeit-vor\/#article","isPartOf":{"@id":"https:\/\/mammalnet.com\/de\/der-winter-kommt-wie-bereiten-sich-die-saeugetiere-auf-die-winterzeit-vor\/"},"author":{"name":"poland","@id":"https:\/\/mammalnet.com\/#\/schema\/person\/b988cd9615ce6ede2f43eab73492a96a"},"headline":"Der Winter kommt! Wie bereiten sich die S\u00e4ugetiere auf die Winterzeit vor?","datePublished":"2022-01-17T16:33:10+00:00","dateModified":"2022-01-17T16:33:11+00:00","mainEntityOfPage":{"@id":"https:\/\/mammalnet.com\/de\/der-winter-kommt-wie-bereiten-sich-die-saeugetiere-auf-die-winterzeit-vor\/"},"wordCount":876,"publisher":{"@id":"https:\/\/mammalnet.com\/#organization"},"articleSection":["Unkategorisiert"],"inLanguage":"de-DE"},{"@type":"WebPage","@id":"https:\/\/mammalnet.com\/de\/der-winter-kommt-wie-bereiten-sich-die-saeugetiere-auf-die-winterzeit-vor\/","url":"https:\/\/mammalnet.com\/de\/der-winter-kommt-wie-bereiten-sich-die-saeugetiere-auf-die-winterzeit-vor\/","name":"Der Winter kommt! Wie bereiten sich die S\u00e4ugetiere auf die Winterzeit vor? - Mammalnet","isPartOf":{"@id":"https:\/\/mammalnet.com\/#website"},"datePublished":"2022-01-17T16:33:10+00:00","dateModified":"2022-01-17T16:33:11+00:00","breadcrumb":{"@id":"https:\/\/mammalnet.com\/de\/der-winter-kommt-wie-bereiten-sich-die-saeugetiere-auf-die-winterzeit-vor\/#breadcrumb"},"inLanguage":"de-DE","potentialAction":[{"@type":"ReadAction","target":["https:\/\/mammalnet.com\/de\/der-winter-kommt-wie-bereiten-sich-die-saeugetiere-auf-die-winterzeit-vor\/"]}]},{"@type":"BreadcrumbList","@id":"https:\/\/mammalnet.com\/de\/der-winter-kommt-wie-bereiten-sich-die-saeugetiere-auf-die-winterzeit-vor\/#breadcrumb","itemListElement":[{"@type":"ListItem","position":1,"name":"Home","item":"https:\/\/mammalnet.com\/de\/"},{"@type":"ListItem","position":2,"name":"Der Winter kommt! Wie bereiten sich die S\u00e4ugetiere auf die Winterzeit vor?"}]},{"@type":"WebSite","@id":"https:\/\/mammalnet.com\/#website","url":"https:\/\/mammalnet.com\/","name":"Mammalnet","description":"Citizen Science","publisher":{"@id":"https:\/\/mammalnet.com\/#organization"},"potentialAction":[{"@type":"SearchAction","target":{"@type":"EntryPoint","urlTemplate":"https:\/\/mammalnet.com\/?s={search_term_string}"},"query-input":"required name=search_term_string"}],"inLanguage":"de-DE"},{"@type":"Organization","@id":"https:\/\/mammalnet.com\/#organization","name":"Mammalnet","url":"https:\/\/mammalnet.com\/","logo":{"@type":"ImageObject","inLanguage":"de-DE","@id":"https:\/\/mammalnet.com\/#\/schema\/logo\/image\/","url":"https:\/\/mammalnet.com\/wp-content\/uploads\/2019\/08\/logo.png","contentUrl":"https:\/\/mammalnet.com\/wp-content\/uploads\/2019\/08\/logo.png","width":991,"height":284,"caption":"Mammalnet"},"image":{"@id":"https:\/\/mammalnet.com\/#\/schema\/logo\/image\/"},"sameAs":["https:\/\/www.facebook.com\/MammalNet-106550637394937\/","https:\/\/twitter.com\/mammalnet_eu"]},{"@type":"Person","@id":"https:\/\/mammalnet.com\/#\/schema\/person\/b988cd9615ce6ede2f43eab73492a96a","name":"poland"}]}},"_links":{"self":[{"href":"https:\/\/mammalnet.com\/de\/wp-json\/wp\/v2\/posts\/23734"}],"collection":[{"href":"https:\/\/mammalnet.com\/de\/wp-json\/wp\/v2\/posts"}],"about":[{"href":"https:\/\/mammalnet.com\/de\/wp-json\/wp\/v2\/types\/post"}],"author":[{"embeddable":true,"href":"https:\/\/mammalnet.com\/de\/wp-json\/wp\/v2\/users\/8"}],"replies":[{"embeddable":true,"href":"https:\/\/mammalnet.com\/de\/wp-json\/wp\/v2\/comments?post=23734"}],"version-history":[{"count":1,"href":"https:\/\/mammalnet.com\/de\/wp-json\/wp\/v2\/posts\/23734\/revisions"}],"predecessor-version":[{"id":23735,"href":"https:\/\/mammalnet.com\/de\/wp-json\/wp\/v2\/posts\/23734\/revisions\/23735"}],"wp:featuredmedia":[{"embeddable":true,"href":"https:\/\/mammalnet.com\/de\/wp-json\/wp\/v2\/media\/12078"}],"wp:attachment":[{"href":"https:\/\/mammalnet.com\/de\/wp-json\/wp\/v2\/media?parent=23734"}],"wp:term":[{"taxonomy":"category","embeddable":true,"href":"https:\/\/mammalnet.com\/de\/wp-json\/wp\/v2\/categories?post=23734"},{"taxonomy":"post_tag","embeddable":true,"href":"https:\/\/mammalnet.com\/de\/wp-json\/wp\/v2\/tags?post=23734"}],"curies":[{"name":"wp","href":"https:\/\/api.w.org\/{rel}","templated":true}]}}